{"id":11796,"date":"2025-07-01T16:55:56","date_gmt":"2025-07-01T14:55:56","guid":{"rendered":"https:\/\/lechappeeclose.it\/?p=11796"},"modified":"2025-07-01T16:55:57","modified_gmt":"2025-07-01T14:55:57","slug":"11796","status":"publish","type":"post","link":"https:\/\/lechappeeclose.it\/it\/2025\/07\/01\/11796\/","title":{"rendered":""},"content":{"rendered":"<p>\ud83d\udce3 <strong>Nuovi orari estivi!<\/strong> \u2600\ufe0f\ud83c\udf0a<br>A partire dal <strong>9 luglio<\/strong>:<\/p>\n\n\n\n<p>\ud83d\udcc5 <strong>Dal mercoled\u00ec al sabato<\/strong><br>\ud83d\udd59 <strong>10:00 \u2013 13:00<\/strong><br>\ud83d\udd52 <strong>15:00 \u2013 19:00<\/strong><\/p>\n\n\n<div class=\"wp-block-image\">\n<figure class=\"aligncenter size-large is-resized\"><img loading=\"lazy\" decoding=\"async\" width=\"819\" height=\"1024\" src=\"https:\/\/lechappeeclose.it\/wp-content\/uploads\/2025\/07\/orariestivi-1-819x1024.png\" alt=\"\" class=\"wp-image-11798\" style=\"width:500px\" srcset=\"https:\/\/lechappeeclose.it\/wp-content\/uploads\/2025\/07\/orariestivi-1-819x1024.png 819w, https:\/\/lechappeeclose.it\/wp-content\/uploads\/2025\/07\/orariestivi-1-240x300.png 240w, https:\/\/lechappeeclose.it\/wp-content\/uploads\/2025\/07\/orariestivi-1-768x960.png 768w, https:\/\/lechappeeclose.it\/wp-content\/uploads\/2025\/07\/orariestivi-1-10x12.png 10w, https:\/\/lechappeeclose.it\/wp-content\/uploads\/2025\/07\/orariestivi-1-324x405.png 324w, https:\/\/lechappeeclose.it\/wp-content\/uploads\/2025\/07\/orariestivi-1-416x520.png 416w, https:\/\/lechappeeclose.it\/wp-content\/uploads\/2025\/07\/orariestivi-1.png 1080w\" sizes=\"auto, (max-width: 819px) 100vw, 819px\" \/><\/figure>\n<\/div>","protected":false},"excerpt":{"rendered":"<p>\ud83d\udce3 Nuovi orari estivi! \u2600\ufe0f\ud83c\udf0aA partire dal 9 luglio: \ud83d\udcc5 Dal mercoled\u00ec al sabato\ud83d\udd59 10:00 \u2013 13:00\ud83d\udd52 15:00 \u2013 19:00<\/p>","protected":false},"author":1,"featured_media":0,"comment_status":"closed","ping_status":"closed","sticky":false,"template":"","format":"standard","meta":{"footnotes":""},"categories":[1],"tags":[],"class_list":["post-11796","post","type-post","status-publish","format-standard","hentry","category-senza-categoria"],"yoast_head":"<!-- This site is optimized with the Yoast SEO plugin v27.5 - https:\/\/yoast.com\/product\/yoast-seo-wordpress\/ -->\n<title>- l&#039;\u00e9chapp\u00e9e close<\/title>\n<meta name=\"robots\" content=\"index, follow, max-snippet:-1, max-image-preview:large, max-video-preview:-1\" \/>\n<link rel=\"canonical\" href=\"http:\/\/lechappeeclose.it\/it\/2025\/07\/01\/11796\/\" \/>\n<meta property=\"og:locale\" content=\"it_IT\" \/>\n<meta property=\"og:type\" content=\"article\" \/>\n<meta property=\"og:title\" content=\"- l&#039;\u00e9chapp\u00e9e close\" \/>\n<meta property=\"og:description\" content=\"\ud83d\udce3 Nuovi orari estivi! \u2600\ufe0f\ud83c\udf0aA partire dal 9 luglio: \ud83d\udcc5 Dal mercoled\u00ec al sabato\ud83d\udd59 10:00 \u2013 13:00\ud83d\udd52 15:00 \u2013 19:00\" \/>\n<meta property=\"og:url\" content=\"http:\/\/lechappeeclose.it\/it\/2025\/07\/01\/11796\/\" \/>\n<meta property=\"og:site_name\" content=\"l&#039;\u00e9chapp\u00e9e close\" \/>\n<meta property=\"article:published_time\" content=\"2025-07-01T14:55:56+00:00\" \/>\n<meta property=\"article:modified_time\" content=\"2025-07-01T14:55:57+00:00\" \/>\n<meta property=\"og:image\" content=\"https:\/\/lechappeeclose.it\/wp-content\/uploads\/2025\/07\/orariestivi-1-819x1024.png\" \/>\n<meta name=\"author\" content=\"l&#039;\u00e9chapp\u00e9e close\" \/>\n<meta name=\"twitter:card\" content=\"summary_large_image\" \/>\n<meta name=\"twitter:label1\" content=\"Scritto da\" \/>\n\t<meta name=\"twitter:data1\" content=\"l&#039;\u00e9chapp\u00e9e close\" \/>\n\t<meta name=\"twitter:label2\" content=\"Tempo di lettura stimato\" \/>\n\t<meta name=\"twitter:data2\" content=\"1 minuto\" \/>\n<script type=\"application\/ld+json\" class=\"yoast-schema-graph\">{\"@context\":\"https:\\\/\\\/schema.org\",\"@graph\":[{\"@type\":\"Article\",\"@id\":\"http:\\\/\\\/lechappeeclose.it\\\/2025\\\/07\\\/01\\\/11796\\\/#article\",\"isPartOf\":{\"@id\":\"http:\\\/\\\/lechappeeclose.it\\\/2025\\\/07\\\/01\\\/11796\\\/\"},\"author\":{\"name\":\"l'\u00e9chapp\u00e9e close\",\"@id\":\"http:\\\/\\\/lechappeeclose.it\\\/it\\\/#\\\/schema\\\/person\\\/4ea374ee2042e75205aa8be830e76447\"},\"headline\":\"Nessun titolo\",\"datePublished\":\"2025-07-01T14:55:56+00:00\",\"dateModified\":\"2025-07-01T14:55:57+00:00\",\"mainEntityOfPage\":{\"@id\":\"http:\\\/\\\/lechappeeclose.it\\\/2025\\\/07\\\/01\\\/11796\\\/\"},\"wordCount\":11,\"publisher\":{\"@id\":\"http:\\\/\\\/lechappeeclose.it\\\/it\\\/#organization\"},\"image\":{\"@id\":\"http:\\\/\\\/lechappeeclose.it\\\/2025\\\/07\\\/01\\\/11796\\\/#primaryimage\"},\"thumbnailUrl\":\"https:\\\/\\\/lechappeeclose.it\\\/wp-content\\\/uploads\\\/2025\\\/07\\\/orariestivi-1-819x1024.png\",\"inLanguage\":\"it-IT\"},{\"@type\":\"WebPage\",\"@id\":\"http:\\\/\\\/lechappeeclose.it\\\/2025\\\/07\\\/01\\\/11796\\\/\",\"url\":\"http:\\\/\\\/lechappeeclose.it\\\/2025\\\/07\\\/01\\\/11796\\\/\",\"name\":\"- l&#039;\u00e9chapp\u00e9e close\",\"isPartOf\":{\"@id\":\"http:\\\/\\\/lechappeeclose.it\\\/it\\\/#website\"},\"primaryImageOfPage\":{\"@id\":\"http:\\\/\\\/lechappeeclose.it\\\/2025\\\/07\\\/01\\\/11796\\\/#primaryimage\"},\"image\":{\"@id\":\"http:\\\/\\\/lechappeeclose.it\\\/2025\\\/07\\\/01\\\/11796\\\/#primaryimage\"},\"thumbnailUrl\":\"https:\\\/\\\/lechappeeclose.it\\\/wp-content\\\/uploads\\\/2025\\\/07\\\/orariestivi-1-819x1024.png\",\"datePublished\":\"2025-07-01T14:55:56+00:00\",\"dateModified\":\"2025-07-01T14:55:57+00:00\",\"inLanguage\":\"it-IT\",\"potentialAction\":[{\"@type\":\"ReadAction\",\"target\":[\"http:\\\/\\\/lechappeeclose.it\\\/2025\\\/07\\\/01\\\/11796\\\/\"]}]},{\"@type\":\"ImageObject\",\"inLanguage\":\"it-IT\",\"@id\":\"http:\\\/\\\/lechappeeclose.it\\\/2025\\\/07\\\/01\\\/11796\\\/#primaryimage\",\"url\":\"https:\\\/\\\/lechappeeclose.it\\\/wp-content\\\/uploads\\\/2025\\\/07\\\/orariestivi-1-819x1024.png\",\"contentUrl\":\"https:\\\/\\\/lechappeeclose.it\\\/wp-content\\\/uploads\\\/2025\\\/07\\\/orariestivi-1-819x1024.png\"},{\"@type\":\"WebSite\",\"@id\":\"http:\\\/\\\/lechappeeclose.it\\\/it\\\/#website\",\"url\":\"http:\\\/\\\/lechappeeclose.it\\\/it\\\/\",\"name\":\"l&#039;\u00e9chapp\u00e9e close\",\"description\":\"la librairie fran\u00e7aise de Milan\",\"publisher\":{\"@id\":\"http:\\\/\\\/lechappeeclose.it\\\/it\\\/#organization\"},\"alternateName\":\"La librairie fran\u00e7aise de Milan\",\"potentialAction\":[{\"@type\":\"SearchAction\",\"target\":{\"@type\":\"EntryPoint\",\"urlTemplate\":\"http:\\\/\\\/lechappeeclose.it\\\/it\\\/?s={search_term_string}\"},\"query-input\":{\"@type\":\"PropertyValueSpecification\",\"valueRequired\":true,\"valueName\":\"search_term_string\"}}],\"inLanguage\":\"it-IT\"},{\"@type\":\"Organization\",\"@id\":\"http:\\\/\\\/lechappeeclose.it\\\/it\\\/#organization\",\"name\":\"l&#039;\u00e9chapp\u00e9e close\",\"url\":\"http:\\\/\\\/lechappeeclose.it\\\/it\\\/\",\"logo\":{\"@type\":\"ImageObject\",\"inLanguage\":\"it-IT\",\"@id\":\"http:\\\/\\\/lechappeeclose.it\\\/it\\\/#\\\/schema\\\/logo\\\/image\\\/\",\"url\":\"https:\\\/\\\/lechappeeclose.it\\\/wp-content\\\/uploads\\\/2025\\\/02\\\/cropped-logo-rond.png\",\"contentUrl\":\"https:\\\/\\\/lechappeeclose.it\\\/wp-content\\\/uploads\\\/2025\\\/02\\\/cropped-logo-rond.png\",\"width\":1080,\"height\":1080,\"caption\":\"l&#039;\u00e9chapp\u00e9e close\"},\"image\":{\"@id\":\"http:\\\/\\\/lechappeeclose.it\\\/it\\\/#\\\/schema\\\/logo\\\/image\\\/\"},\"sameAs\":[\"https:\\\/\\\/www.instagram.com\\\/lechappeeclose\\\/\"]},{\"@type\":\"Person\",\"@id\":\"http:\\\/\\\/lechappeeclose.it\\\/it\\\/#\\\/schema\\\/person\\\/4ea374ee2042e75205aa8be830e76447\",\"name\":\"l'\u00e9chapp\u00e9e close\",\"sameAs\":[\"http:\\\/\\\/lechappeeclose.it\"],\"url\":\"https:\\\/\\\/lechappeeclose.it\\\/it\\\/author\\\/admin7946\\\/\"}]}<\/script>\n<!-- \/ Yoast SEO plugin. -->","yoast_head_json":{"title":"- l&#039;\u00e9chapp\u00e9e close","robots":{"index":"index","follow":"follow","max-snippet":"max-snippet:-1","max-image-preview":"max-image-preview:large","max-video-preview":"max-video-preview:-1"},"canonical":"http:\/\/lechappeeclose.it\/it\/2025\/07\/01\/11796\/","og_locale":"it_IT","og_type":"article","og_title":"- l&#039;\u00e9chapp\u00e9e close","og_description":"\ud83d\udce3 Nuovi orari estivi! \u2600\ufe0f\ud83c\udf0aA partire dal 9 luglio: \ud83d\udcc5 Dal mercoled\u00ec al sabato\ud83d\udd59 10:00 \u2013 13:00\ud83d\udd52 15:00 \u2013 19:00","og_url":"http:\/\/lechappeeclose.it\/it\/2025\/07\/01\/11796\/","og_site_name":"l&#039;\u00e9chapp\u00e9e close","article_published_time":"2025-07-01T14:55:56+00:00","article_modified_time":"2025-07-01T14:55:57+00:00","og_image":[{"url":"https:\/\/lechappeeclose.it\/wp-content\/uploads\/2025\/07\/orariestivi-1-819x1024.png","type":"","width":"","height":""}],"author":"l'\u00e9chapp\u00e9e close","twitter_card":"summary_large_image","twitter_misc":{"Scritto da":"l'\u00e9chapp\u00e9e close","Tempo di lettura stimato":"1 minuto"},"schema":{"@context":"https:\/\/schema.org","@graph":[{"@type":"Article","@id":"http:\/\/lechappeeclose.it\/2025\/07\/01\/11796\/#article","isPartOf":{"@id":"http:\/\/lechappeeclose.it\/2025\/07\/01\/11796\/"},"author":{"name":"l'\u00e9chapp\u00e9e close","@id":"http:\/\/lechappeeclose.it\/it\/#\/schema\/person\/4ea374ee2042e75205aa8be830e76447"},"headline":"Nessun titolo","datePublished":"2025-07-01T14:55:56+00:00","dateModified":"2025-07-01T14:55:57+00:00","mainEntityOfPage":{"@id":"http:\/\/lechappeeclose.it\/2025\/07\/01\/11796\/"},"wordCount":11,"publisher":{"@id":"http:\/\/lechappeeclose.it\/it\/#organization"},"image":{"@id":"http:\/\/lechappeeclose.it\/2025\/07\/01\/11796\/#primaryimage"},"thumbnailUrl":"https:\/\/lechappeeclose.it\/wp-content\/uploads\/2025\/07\/orariestivi-1-819x1024.png","inLanguage":"it-IT"},{"@type":"WebPage","@id":"http:\/\/lechappeeclose.it\/2025\/07\/01\/11796\/","url":"http:\/\/lechappeeclose.it\/2025\/07\/01\/11796\/","name":"- l&#039;\u00e9chapp\u00e9e close","isPartOf":{"@id":"http:\/\/lechappeeclose.it\/it\/#website"},"primaryImageOfPage":{"@id":"http:\/\/lechappeeclose.it\/2025\/07\/01\/11796\/#primaryimage"},"image":{"@id":"http:\/\/lechappeeclose.it\/2025\/07\/01\/11796\/#primaryimage"},"thumbnailUrl":"https:\/\/lechappeeclose.it\/wp-content\/uploads\/2025\/07\/orariestivi-1-819x1024.png","datePublished":"2025-07-01T14:55:56+00:00","dateModified":"2025-07-01T14:55:57+00:00","inLanguage":"it-IT","potentialAction":[{"@type":"ReadAction","target":["http:\/\/lechappeeclose.it\/2025\/07\/01\/11796\/"]}]},{"@type":"ImageObject","inLanguage":"it-IT","@id":"http:\/\/lechappeeclose.it\/2025\/07\/01\/11796\/#primaryimage","url":"https:\/\/lechappeeclose.it\/wp-content\/uploads\/2025\/07\/orariestivi-1-819x1024.png","contentUrl":"https:\/\/lechappeeclose.it\/wp-content\/uploads\/2025\/07\/orariestivi-1-819x1024.png"},{"@type":"WebSite","@id":"http:\/\/lechappeeclose.it\/it\/#website","url":"http:\/\/lechappeeclose.it\/it\/","name":"l&#039;\u00e9chapp\u00e9e close","description":"La libreria francese di Milano","publisher":{"@id":"http:\/\/lechappeeclose.it\/it\/#organization"},"alternateName":"La librairie fran\u00e7aise de Milan","potentialAction":[{"@type":"SearchAction","target":{"@type":"EntryPoint","urlTemplate":"http:\/\/lechappeeclose.it\/it\/?s={search_term_string}"},"query-input":{"@type":"PropertyValueSpecification","valueRequired":true,"valueName":"search_term_string"}}],"inLanguage":"it-IT"},{"@type":"Organization","@id":"http:\/\/lechappeeclose.it\/it\/#organization","name":"l&#039;\u00e9chapp\u00e9e close","url":"http:\/\/lechappeeclose.it\/it\/","logo":{"@type":"ImageObject","inLanguage":"it-IT","@id":"http:\/\/lechappeeclose.it\/it\/#\/schema\/logo\/image\/","url":"https:\/\/lechappeeclose.it\/wp-content\/uploads\/2025\/02\/cropped-logo-rond.png","contentUrl":"https:\/\/lechappeeclose.it\/wp-content\/uploads\/2025\/02\/cropped-logo-rond.png","width":1080,"height":1080,"caption":"l&#039;\u00e9chapp\u00e9e close"},"image":{"@id":"http:\/\/lechappeeclose.it\/it\/#\/schema\/logo\/image\/"},"sameAs":["https:\/\/www.instagram.com\/lechappeeclose\/"]},{"@type":"Person","@id":"http:\/\/lechappeeclose.it\/it\/#\/schema\/person\/4ea374ee2042e75205aa8be830e76447","name":"l'\u00e9chapp\u00e9e close","sameAs":["http:\/\/lechappeeclose.it"],"url":"https:\/\/lechappeeclose.it\/it\/author\/admin7946\/"}]}},"_links":{"self":[{"href":"https:\/\/lechappeeclose.it\/it\/wp-json\/wp\/v2\/posts\/11796","targetHints":{"allow":["GET"]}}],"collection":[{"href":"https:\/\/lechappeeclose.it\/it\/wp-json\/wp\/v2\/posts"}],"about":[{"href":"https:\/\/lechappeeclose.it\/it\/wp-json\/wp\/v2\/types\/post"}],"author":[{"embeddable":true,"href":"https:\/\/lechappeeclose.it\/it\/wp-json\/wp\/v2\/users\/1"}],"replies":[{"embeddable":true,"href":"https:\/\/lechappeeclose.it\/it\/wp-json\/wp\/v2\/comments?post=11796"}],"version-history":[{"count":0,"href":"https:\/\/lechappeeclose.it\/it\/wp-json\/wp\/v2\/posts\/11796\/revisions"}],"wp:attachment":[{"href":"https:\/\/lechappeeclose.it\/it\/wp-json\/wp\/v2\/media?parent=11796"}],"wp:term":[{"taxonomy":"category","embeddable":true,"href":"https:\/\/lechappeeclose.it\/it\/wp-json\/wp\/v2\/categories?post=11796"},{"taxonomy":"post_tag","embeddable":true,"href":"https:\/\/lechappeeclose.it\/it\/wp-json\/wp\/v2\/tags?post=11796"}],"curies":[{"name":"wp","href":"https:\/\/api.w.org\/{rel}","templated":true}]}}