{"id":11745,"date":"2025-06-26T11:28:52","date_gmt":"2025-06-26T09:28:52","guid":{"rendered":"https:\/\/lechappeeclose.it\/?p=11745"},"modified":"2026-01-29T13:11:17","modified_gmt":"2026-01-29T12:11:17","slug":"viaggio-nella-lingua-francese","status":"publish","type":"post","link":"https:\/\/lechappeeclose.it\/it\/2025\/06\/26\/viaggio-nella-lingua-francese\/","title":{"rendered":""},"content":{"rendered":"<p><\/p>\n\n\n\n<p class=\"has-text-align-center\"><strong><mark style=\"background-color:rgba(0, 0, 0, 0)\" class=\"has-inline-color has-vivid-red-color\">Viaggio nella lingua francese<\/mark><\/strong><\/p>\n\n\n\n<p class=\"has-text-align-center\"><strong>I nostri progetti immersivi per le scuole in libreria con la missione di ri-svegliar<\/strong>e<\/p>\n\n\n\n<p class=\"has-text-align-center\"><strong>nei vostri allievi la passione per<\/strong> <strong>la lingua e la cultura francese !<\/strong><\/p>\n\n\n\n<p><\/p>\n\n\n\n<div class=\"wp-block-columns is-layout-flex wp-container-core-columns-is-layout-28f84493 wp-block-columns-is-layout-flex\">\n<div class=\"wp-block-column is-layout-flow wp-block-column-is-layout-flow\" style=\"flex-basis:100%\"><\/div>\n<\/div>\n\n\n\n<div class=\"wp-block-columns is-layout-flex wp-container-core-columns-is-layout-28f84493 wp-block-columns-is-layout-flex\">\n<div class=\"wp-block-column is-layout-flow wp-block-column-is-layout-flow\" style=\"flex-basis:100%\"><\/div>\n<\/div>\n\n\n\n<div class=\"wp-block-columns is-layout-flex wp-container-core-columns-is-layout-28f84493 wp-block-columns-is-layout-flex\">\n<div class=\"wp-block-column is-layout-flow wp-block-column-is-layout-flow\" style=\"flex-basis:100%\"><\/div>\n<\/div>\n\n\n\n<div class=\"wp-block-columns is-layout-flex wp-container-core-columns-is-layout-28f84493 wp-block-columns-is-layout-flex\">\n<div class=\"wp-block-column is-layout-flow wp-block-column-is-layout-flow\" style=\"flex-basis:100%\"><\/div>\n<\/div>","protected":false},"excerpt":{"rendered":"<p>Viaggio nella lingua francese I nostri progetti immersivi per le scuole in libreria con la missione di ri-svegliare nei vostri allievi la passione per la lingua e la cultura francese !<\/p>","protected":false},"author":1,"featured_media":0,"comment_status":"closed","ping_status":"closed","sticky":false,"template":"","format":"standard","meta":{"footnotes":""},"categories":[1],"tags":[],"class_list":["post-11745","post","type-post","status-publish","format-standard","hentry","category-senza-categoria"],"yoast_head":"<!-- This site is optimized with the Yoast SEO plugin v27.5 - https:\/\/yoast.com\/product\/yoast-seo-wordpress\/ -->\n<title>- l&#039;\u00e9chapp\u00e9e close<\/title>\n<meta name=\"robots\" content=\"index, follow, max-snippet:-1, max-image-preview:large, max-video-preview:-1\" \/>\n<link rel=\"canonical\" href=\"http:\/\/lechappeeclose.it\/it\/2025\/06\/26\/viaggio-nella-lingua-francese\/\" \/>\n<meta property=\"og:locale\" content=\"it_IT\" \/>\n<meta property=\"og:type\" content=\"article\" \/>\n<meta property=\"og:title\" content=\"- l&#039;\u00e9chapp\u00e9e close\" \/>\n<meta property=\"og:description\" content=\"Viaggio nella lingua francese I nostri progetti immersivi per le scuole in libreria con la missione di ri-svegliare nei vostri allievi la passione per la lingua e la cultura francese !\" \/>\n<meta property=\"og:url\" content=\"http:\/\/lechappeeclose.it\/it\/2025\/06\/26\/viaggio-nella-lingua-francese\/\" \/>\n<meta property=\"og:site_name\" content=\"l&#039;\u00e9chapp\u00e9e close\" \/>\n<meta property=\"article:published_time\" content=\"2025-06-26T09:28:52+00:00\" \/>\n<meta property=\"article:modified_time\" content=\"2026-01-29T12:11:17+00:00\" \/>\n<meta property=\"og:image\" content=\"https:\/\/lechappeeclose.it\/wp-content\/uploads\/2023\/02\/Les-romans-de-lechappee-close-scaled.jpg\" \/>\n\t<meta property=\"og:image:width\" content=\"2560\" \/>\n\t<meta property=\"og:image:height\" content=\"1440\" \/>\n\t<meta property=\"og:image:type\" content=\"image\/jpeg\" \/>\n<meta name=\"author\" content=\"l&#039;\u00e9chapp\u00e9e close\" \/>\n<meta name=\"twitter:card\" content=\"summary_large_image\" \/>\n<meta name=\"twitter:label1\" content=\"Scritto da\" \/>\n\t<meta name=\"twitter:data1\" content=\"l&#039;\u00e9chapp\u00e9e close\" \/>\n\t<meta name=\"twitter:label2\" content=\"Tempo di lettura stimato\" \/>\n\t<meta name=\"twitter:data2\" content=\"1 minuto\" \/>\n<script type=\"application\/ld+json\" class=\"yoast-schema-graph\">{\"@context\":\"https:\\\/\\\/schema.org\",\"@graph\":[{\"@type\":\"Article\",\"@id\":\"http:\\\/\\\/lechappeeclose.it\\\/it\\\/2025\\\/06\\\/26\\\/viaggio-nella-lingua-francese\\\/#article\",\"isPartOf\":{\"@id\":\"http:\\\/\\\/lechappeeclose.it\\\/it\\\/2025\\\/06\\\/26\\\/viaggio-nella-lingua-francese\\\/\"},\"author\":{\"name\":\"l'\u00e9chapp\u00e9e close\",\"@id\":\"http:\\\/\\\/lechappeeclose.it\\\/it\\\/#\\\/schema\\\/person\\\/4ea374ee2042e75205aa8be830e76447\"},\"headline\":\"Nessun titolo\",\"datePublished\":\"2025-06-26T09:28:52+00:00\",\"dateModified\":\"2026-01-29T12:11:17+00:00\",\"mainEntityOfPage\":{\"@id\":\"http:\\\/\\\/lechappeeclose.it\\\/it\\\/2025\\\/06\\\/26\\\/viaggio-nella-lingua-francese\\\/\"},\"wordCount\":30,\"publisher\":{\"@id\":\"http:\\\/\\\/lechappeeclose.it\\\/it\\\/#organization\"},\"inLanguage\":\"it-IT\"},{\"@type\":\"WebPage\",\"@id\":\"http:\\\/\\\/lechappeeclose.it\\\/it\\\/2025\\\/06\\\/26\\\/viaggio-nella-lingua-francese\\\/\",\"url\":\"http:\\\/\\\/lechappeeclose.it\\\/it\\\/2025\\\/06\\\/26\\\/viaggio-nella-lingua-francese\\\/\",\"name\":\"- l&#039;\u00e9chapp\u00e9e close\",\"isPartOf\":{\"@id\":\"http:\\\/\\\/lechappeeclose.it\\\/it\\\/#website\"},\"datePublished\":\"2025-06-26T09:28:52+00:00\",\"dateModified\":\"2026-01-29T12:11:17+00:00\",\"inLanguage\":\"it-IT\",\"potentialAction\":[{\"@type\":\"ReadAction\",\"target\":[\"http:\\\/\\\/lechappeeclose.it\\\/it\\\/2025\\\/06\\\/26\\\/viaggio-nella-lingua-francese\\\/\"]}]},{\"@type\":\"WebSite\",\"@id\":\"http:\\\/\\\/lechappeeclose.it\\\/it\\\/#website\",\"url\":\"http:\\\/\\\/lechappeeclose.it\\\/it\\\/\",\"name\":\"l&#039;\u00e9chapp\u00e9e close\",\"description\":\"la librairie fran\u00e7aise de Milan\",\"publisher\":{\"@id\":\"http:\\\/\\\/lechappeeclose.it\\\/it\\\/#organization\"},\"alternateName\":\"La librairie fran\u00e7aise de Milan\",\"potentialAction\":[{\"@type\":\"SearchAction\",\"target\":{\"@type\":\"EntryPoint\",\"urlTemplate\":\"http:\\\/\\\/lechappeeclose.it\\\/it\\\/?s={search_term_string}\"},\"query-input\":{\"@type\":\"PropertyValueSpecification\",\"valueRequired\":true,\"valueName\":\"search_term_string\"}}],\"inLanguage\":\"it-IT\"},{\"@type\":\"Organization\",\"@id\":\"http:\\\/\\\/lechappeeclose.it\\\/it\\\/#organization\",\"name\":\"l&#039;\u00e9chapp\u00e9e close\",\"url\":\"http:\\\/\\\/lechappeeclose.it\\\/it\\\/\",\"logo\":{\"@type\":\"ImageObject\",\"inLanguage\":\"it-IT\",\"@id\":\"http:\\\/\\\/lechappeeclose.it\\\/it\\\/#\\\/schema\\\/logo\\\/image\\\/\",\"url\":\"https:\\\/\\\/lechappeeclose.it\\\/wp-content\\\/uploads\\\/2025\\\/02\\\/cropped-logo-rond.png\",\"contentUrl\":\"https:\\\/\\\/lechappeeclose.it\\\/wp-content\\\/uploads\\\/2025\\\/02\\\/cropped-logo-rond.png\",\"width\":1080,\"height\":1080,\"caption\":\"l&#039;\u00e9chapp\u00e9e close\"},\"image\":{\"@id\":\"http:\\\/\\\/lechappeeclose.it\\\/it\\\/#\\\/schema\\\/logo\\\/image\\\/\"},\"sameAs\":[\"https:\\\/\\\/www.instagram.com\\\/lechappeeclose\\\/\"]},{\"@type\":\"Person\",\"@id\":\"http:\\\/\\\/lechappeeclose.it\\\/it\\\/#\\\/schema\\\/person\\\/4ea374ee2042e75205aa8be830e76447\",\"name\":\"l'\u00e9chapp\u00e9e close\",\"sameAs\":[\"http:\\\/\\\/lechappeeclose.it\"],\"url\":\"https:\\\/\\\/lechappeeclose.it\\\/it\\\/author\\\/admin7946\\\/\"}]}<\/script>\n<!-- \/ Yoast SEO plugin. -->","yoast_head_json":{"title":"- l&#039;\u00e9chapp\u00e9e close","robots":{"index":"index","follow":"follow","max-snippet":"max-snippet:-1","max-image-preview":"max-image-preview:large","max-video-preview":"max-video-preview:-1"},"canonical":"http:\/\/lechappeeclose.it\/it\/2025\/06\/26\/viaggio-nella-lingua-francese\/","og_locale":"it_IT","og_type":"article","og_title":"- l&#039;\u00e9chapp\u00e9e close","og_description":"Viaggio nella lingua francese I nostri progetti immersivi per le scuole in libreria con la missione di ri-svegliare nei vostri allievi la passione per la lingua e la cultura francese !","og_url":"http:\/\/lechappeeclose.it\/it\/2025\/06\/26\/viaggio-nella-lingua-francese\/","og_site_name":"l&#039;\u00e9chapp\u00e9e close","article_published_time":"2025-06-26T09:28:52+00:00","article_modified_time":"2026-01-29T12:11:17+00:00","og_image":[{"width":2560,"height":1440,"url":"https:\/\/lechappeeclose.it\/wp-content\/uploads\/2023\/02\/Les-romans-de-lechappee-close-scaled.jpg","type":"image\/jpeg"}],"author":"l'\u00e9chapp\u00e9e close","twitter_card":"summary_large_image","twitter_misc":{"Scritto da":"l'\u00e9chapp\u00e9e close","Tempo di lettura stimato":"1 minuto"},"schema":{"@context":"https:\/\/schema.org","@graph":[{"@type":"Article","@id":"http:\/\/lechappeeclose.it\/it\/2025\/06\/26\/viaggio-nella-lingua-francese\/#article","isPartOf":{"@id":"http:\/\/lechappeeclose.it\/it\/2025\/06\/26\/viaggio-nella-lingua-francese\/"},"author":{"name":"l'\u00e9chapp\u00e9e close","@id":"http:\/\/lechappeeclose.it\/it\/#\/schema\/person\/4ea374ee2042e75205aa8be830e76447"},"headline":"Nessun titolo","datePublished":"2025-06-26T09:28:52+00:00","dateModified":"2026-01-29T12:11:17+00:00","mainEntityOfPage":{"@id":"http:\/\/lechappeeclose.it\/it\/2025\/06\/26\/viaggio-nella-lingua-francese\/"},"wordCount":30,"publisher":{"@id":"http:\/\/lechappeeclose.it\/it\/#organization"},"inLanguage":"it-IT"},{"@type":"WebPage","@id":"http:\/\/lechappeeclose.it\/it\/2025\/06\/26\/viaggio-nella-lingua-francese\/","url":"http:\/\/lechappeeclose.it\/it\/2025\/06\/26\/viaggio-nella-lingua-francese\/","name":"- l&#039;\u00e9chapp\u00e9e close","isPartOf":{"@id":"http:\/\/lechappeeclose.it\/it\/#website"},"datePublished":"2025-06-26T09:28:52+00:00","dateModified":"2026-01-29T12:11:17+00:00","inLanguage":"it-IT","potentialAction":[{"@type":"ReadAction","target":["http:\/\/lechappeeclose.it\/it\/2025\/06\/26\/viaggio-nella-lingua-francese\/"]}]},{"@type":"WebSite","@id":"http:\/\/lechappeeclose.it\/it\/#website","url":"http:\/\/lechappeeclose.it\/it\/","name":"l&#039;\u00e9chapp\u00e9e close","description":"La libreria francese di Milano","publisher":{"@id":"http:\/\/lechappeeclose.it\/it\/#organization"},"alternateName":"La librairie fran\u00e7aise de Milan","potentialAction":[{"@type":"SearchAction","target":{"@type":"EntryPoint","urlTemplate":"http:\/\/lechappeeclose.it\/it\/?s={search_term_string}"},"query-input":{"@type":"PropertyValueSpecification","valueRequired":true,"valueName":"search_term_string"}}],"inLanguage":"it-IT"},{"@type":"Organization","@id":"http:\/\/lechappeeclose.it\/it\/#organization","name":"l&#039;\u00e9chapp\u00e9e close","url":"http:\/\/lechappeeclose.it\/it\/","logo":{"@type":"ImageObject","inLanguage":"it-IT","@id":"http:\/\/lechappeeclose.it\/it\/#\/schema\/logo\/image\/","url":"https:\/\/lechappeeclose.it\/wp-content\/uploads\/2025\/02\/cropped-logo-rond.png","contentUrl":"https:\/\/lechappeeclose.it\/wp-content\/uploads\/2025\/02\/cropped-logo-rond.png","width":1080,"height":1080,"caption":"l&#039;\u00e9chapp\u00e9e close"},"image":{"@id":"http:\/\/lechappeeclose.it\/it\/#\/schema\/logo\/image\/"},"sameAs":["https:\/\/www.instagram.com\/lechappeeclose\/"]},{"@type":"Person","@id":"http:\/\/lechappeeclose.it\/it\/#\/schema\/person\/4ea374ee2042e75205aa8be830e76447","name":"l'\u00e9chapp\u00e9e close","sameAs":["http:\/\/lechappeeclose.it"],"url":"https:\/\/lechappeeclose.it\/it\/author\/admin7946\/"}]}},"_links":{"self":[{"href":"https:\/\/lechappeeclose.it\/it\/wp-json\/wp\/v2\/posts\/11745","targetHints":{"allow":["GET"]}}],"collection":[{"href":"https:\/\/lechappeeclose.it\/it\/wp-json\/wp\/v2\/posts"}],"about":[{"href":"https:\/\/lechappeeclose.it\/it\/wp-json\/wp\/v2\/types\/post"}],"author":[{"embeddable":true,"href":"https:\/\/lechappeeclose.it\/it\/wp-json\/wp\/v2\/users\/1"}],"replies":[{"embeddable":true,"href":"https:\/\/lechappeeclose.it\/it\/wp-json\/wp\/v2\/comments?post=11745"}],"version-history":[{"count":0,"href":"https:\/\/lechappeeclose.it\/it\/wp-json\/wp\/v2\/posts\/11745\/revisions"}],"wp:attachment":[{"href":"https:\/\/lechappeeclose.it\/it\/wp-json\/wp\/v2\/media?parent=11745"}],"wp:term":[{"taxonomy":"category","embeddable":true,"href":"https:\/\/lechappeeclose.it\/it\/wp-json\/wp\/v2\/categories?post=11745"},{"taxonomy":"post_tag","embeddable":true,"href":"https:\/\/lechappeeclose.it\/it\/wp-json\/wp\/v2\/tags?post=11745"}],"curies":[{"name":"wp","href":"https:\/\/api.w.org\/{rel}","templated":true}]}}